{"id":7193,"date":"2023-11-06T08:00:23","date_gmt":"2023-11-06T08:00:23","guid":{"rendered":"http:\/\/amiable-test.ch\/?p=7193"},"modified":"2023-11-12T13:52:12","modified_gmt":"2023-11-12T13:52:12","slug":"q-wie-oft-darf-ich-meine-kinder-sehen","status":"publish","type":"post","link":"http:\/\/amiable-test.ch\/de\/2023\/11\/06\/q-wie-oft-darf-ich-meine-kinder-sehen\/","title":{"rendered":"Q: Wie oft darf ich meine Kinder sehen?"},"content":{"rendered":"<p><span style=\"font-weight: 400;\">R: Kinder gedeihen am besten, wenn sie eine gute Beziehung zu beiden Elternteilen haben. In Scheidungsvereinbarungen wird eine optimale L\u00f6sung f\u00fcr das Wohl des Kindes angestrebt, wobei das Gericht nur in extremen F\u00e4llen eingreift, in denen das Kindeswohl gef\u00e4hrdet ist. Die Zuteilung der Betreuung konzentriert sich klar auf die Bed\u00fcrfnisse des Kindes. Bei der Entscheidung sollten die erforderlichen Kontakte sowie wichtige Anl\u00e4sse und andere Bed\u00fcrfnisse des Kindes ber\u00fccksichtigt werden. Heutzutage ist die geteilte Obhut die Norm. <\/span><\/p>\n<p><br style=\"font-weight: 400;\" \/><br style=\"font-weight: 400;\" \/><\/p>\n","protected":false},"excerpt":{"rendered":"<p>R: Kinder gedeihen am besten, wenn sie eine gute Beziehung zu beiden Elternteilen haben. In Scheidungsvereinbarungen wird eine optimale L\u00f6sung f\u00fcr das Wohl des Kindes angestrebt, wobei das Gericht nur in extremen F\u00e4llen eingreift, in denen das Kindeswohl gef\u00e4hrdet ist. Die Zuteilung der Betreuung konzentriert sich klar auf die Bed\u00fcrfnisse des Kindes. Bei der Entscheidung&#8230;<\/p>\n","protected":false},"author":744,"featured_media":0,"comment_status":"closed","ping_status":"closed","sticky":false,"template":"","format":"standard","meta":{"footnotes":"","_locale":"de_DE","_original_post":"http:\/\/amiable-test.ch\/?p=7193"},"categories":[29,3,27,66,7],"tags":[],"acf":[],"yoast_head":"<!-- This site is optimized with the Yoast SEO plugin v21.8 - https:\/\/yoast.com\/wordpress\/plugins\/seo\/ -->\n<title>Q: Wie oft darf ich meine Kinder sehen? - amiable.ch<\/title>\n<meta name=\"robots\" content=\"noindex, follow, max-snippet:-1, max-image-preview:large, max-video-preview:-1\" \/>\n<meta property=\"og:locale\" content=\"de_DE\" \/>\n<meta property=\"og:type\" content=\"article\" \/>\n<meta property=\"og:title\" content=\"Q: Wie oft darf ich meine Kinder sehen? - amiable.ch\" \/>\n<meta property=\"og:description\" content=\"R: Kinder gedeihen am besten, wenn sie eine gute Beziehung zu beiden Elternteilen haben. In Scheidungsvereinbarungen wird eine optimale L\u00f6sung f\u00fcr das Wohl des Kindes angestrebt, wobei das Gericht nur in extremen F\u00e4llen eingreift, in denen das Kindeswohl gef\u00e4hrdet ist. Die Zuteilung der Betreuung konzentriert sich klar auf die Bed\u00fcrfnisse des Kindes. Bei der Entscheidung...\" \/>\n<meta property=\"og:url\" content=\"https:\/\/amiable-test.ch\/de\/2023\/11\/06\/q-wie-oft-darf-ich-meine-kinder-sehen\/\" \/>\n<meta property=\"og:site_name\" content=\"amiable.ch\" \/>\n<meta property=\"article:publisher\" content=\"https:\/\/www.facebook.com\/amiable.ch\" \/>\n<meta property=\"article:published_time\" content=\"2023-11-06T08:00:23+00:00\" \/>\n<meta property=\"article:modified_time\" content=\"2023-11-12T13:52:12+00:00\" \/>\n<meta name=\"author\" content=\"Nathalie Lehmann\" \/>\n<meta name=\"twitter:card\" content=\"summary_large_image\" \/>\n<meta name=\"twitter:label1\" content=\"Verfasst von\" \/>\n\t<meta name=\"twitter:data1\" content=\"Nathalie Lehmann\" \/>\n\t<meta name=\"twitter:label2\" content=\"Gesch\u00e4tzte Lesezeit\" \/>\n\t<meta name=\"twitter:data2\" content=\"1\u00a0Minute\" \/>\n<script type=\"application\/ld+json\" class=\"yoast-schema-graph\">{\"@context\":\"https:\/\/schema.org\",\"@graph\":[{\"@type\":\"WebPage\",\"@id\":\"https:\/\/amiable-test.ch\/de\/2023\/11\/06\/q-wie-oft-darf-ich-meine-kinder-sehen\/\",\"url\":\"https:\/\/amiable-test.ch\/de\/2023\/11\/06\/q-wie-oft-darf-ich-meine-kinder-sehen\/\",\"name\":\"Q: Wie oft darf ich meine Kinder sehen? - amiable.ch\",\"isPartOf\":{\"@id\":\"http:\/\/amiable-test.ch\/#website\"},\"datePublished\":\"2023-11-06T08:00:23+00:00\",\"dateModified\":\"2023-11-12T13:52:12+00:00\",\"author\":{\"@id\":\"http:\/\/amiable-test.ch\/#\/schema\/person\/025dedb694471bba33167082d4ebbb12\"},\"breadcrumb\":{\"@id\":\"https:\/\/amiable-test.ch\/de\/2023\/11\/06\/q-wie-oft-darf-ich-meine-kinder-sehen\/#breadcrumb\"},\"inLanguage\":\"de\",\"potentialAction\":[{\"@type\":\"ReadAction\",\"target\":[\"https:\/\/amiable-test.ch\/de\/2023\/11\/06\/q-wie-oft-darf-ich-meine-kinder-sehen\/\"]}]},{\"@type\":\"BreadcrumbList\",\"@id\":\"https:\/\/amiable-test.ch\/de\/2023\/11\/06\/q-wie-oft-darf-ich-meine-kinder-sehen\/#breadcrumb\",\"itemListElement\":[{\"@type\":\"ListItem\",\"position\":1,\"name\":\"Home\",\"item\":\"http:\/\/amiable-test.ch\/de\/\"},{\"@type\":\"ListItem\",\"position\":2,\"name\":\"Q: Wie oft darf ich meine Kinder sehen?\"}]},{\"@type\":\"WebSite\",\"@id\":\"http:\/\/amiable-test.ch\/#website\",\"url\":\"http:\/\/amiable-test.ch\/\",\"name\":\"amiable.ch\",\"description\":\"\",\"potentialAction\":[{\"@type\":\"SearchAction\",\"target\":{\"@type\":\"EntryPoint\",\"urlTemplate\":\"http:\/\/amiable-test.ch\/?s={search_term_string}\"},\"query-input\":\"required name=search_term_string\"}],\"inLanguage\":\"de\"},{\"@type\":\"Person\",\"@id\":\"http:\/\/amiable-test.ch\/#\/schema\/person\/025dedb694471bba33167082d4ebbb12\",\"name\":\"Nathalie Lehmann\",\"image\":{\"@type\":\"ImageObject\",\"inLanguage\":\"de\",\"@id\":\"http:\/\/amiable-test.ch\/#\/schema\/person\/image\/\",\"url\":\"http:\/\/2.gravatar.com\/avatar\/213fe1713e59fbeeb0312ddcc16c7755?s=96&d=mm&r=g\",\"contentUrl\":\"http:\/\/2.gravatar.com\/avatar\/213fe1713e59fbeeb0312ddcc16c7755?s=96&d=mm&r=g\",\"caption\":\"Nathalie Lehmann\"},\"description\":\"0791718643\"}]}<\/script>\n<!-- \/ Yoast SEO plugin. -->","yoast_head_json":{"title":"Q: Wie oft darf ich meine Kinder sehen? - amiable.ch","robots":{"index":"noindex","follow":"follow","max-snippet":"max-snippet:-1","max-image-preview":"max-image-preview:large","max-video-preview":"max-video-preview:-1"},"og_locale":"de_DE","og_type":"article","og_title":"Q: Wie oft darf ich meine Kinder sehen? - amiable.ch","og_description":"R: Kinder gedeihen am besten, wenn sie eine gute Beziehung zu beiden Elternteilen haben. In Scheidungsvereinbarungen wird eine optimale L\u00f6sung f\u00fcr das Wohl des Kindes angestrebt, wobei das Gericht nur in extremen F\u00e4llen eingreift, in denen das Kindeswohl gef\u00e4hrdet ist. Die Zuteilung der Betreuung konzentriert sich klar auf die Bed\u00fcrfnisse des Kindes. Bei der Entscheidung...","og_url":"https:\/\/amiable-test.ch\/de\/2023\/11\/06\/q-wie-oft-darf-ich-meine-kinder-sehen\/","og_site_name":"amiable.ch","article_publisher":"https:\/\/www.facebook.com\/amiable.ch","article_published_time":"2023-11-06T08:00:23+00:00","article_modified_time":"2023-11-12T13:52:12+00:00","author":"Nathalie Lehmann","twitter_card":"summary_large_image","twitter_misc":{"Verfasst von":"Nathalie Lehmann","Gesch\u00e4tzte Lesezeit":"1\u00a0Minute"},"schema":{"@context":"https:\/\/schema.org","@graph":[{"@type":"WebPage","@id":"https:\/\/amiable-test.ch\/de\/2023\/11\/06\/q-wie-oft-darf-ich-meine-kinder-sehen\/","url":"https:\/\/amiable-test.ch\/de\/2023\/11\/06\/q-wie-oft-darf-ich-meine-kinder-sehen\/","name":"Q: Wie oft darf ich meine Kinder sehen? - amiable.ch","isPartOf":{"@id":"http:\/\/amiable-test.ch\/#website"},"datePublished":"2023-11-06T08:00:23+00:00","dateModified":"2023-11-12T13:52:12+00:00","author":{"@id":"http:\/\/amiable-test.ch\/#\/schema\/person\/025dedb694471bba33167082d4ebbb12"},"breadcrumb":{"@id":"https:\/\/amiable-test.ch\/de\/2023\/11\/06\/q-wie-oft-darf-ich-meine-kinder-sehen\/#breadcrumb"},"inLanguage":"de","potentialAction":[{"@type":"ReadAction","target":["https:\/\/amiable-test.ch\/de\/2023\/11\/06\/q-wie-oft-darf-ich-meine-kinder-sehen\/"]}]},{"@type":"BreadcrumbList","@id":"https:\/\/amiable-test.ch\/de\/2023\/11\/06\/q-wie-oft-darf-ich-meine-kinder-sehen\/#breadcrumb","itemListElement":[{"@type":"ListItem","position":1,"name":"Home","item":"http:\/\/amiable-test.ch\/de\/"},{"@type":"ListItem","position":2,"name":"Q: Wie oft darf ich meine Kinder sehen?"}]},{"@type":"WebSite","@id":"http:\/\/amiable-test.ch\/#website","url":"http:\/\/amiable-test.ch\/","name":"amiable.ch","description":"","potentialAction":[{"@type":"SearchAction","target":{"@type":"EntryPoint","urlTemplate":"http:\/\/amiable-test.ch\/?s={search_term_string}"},"query-input":"required name=search_term_string"}],"inLanguage":"de"},{"@type":"Person","@id":"http:\/\/amiable-test.ch\/#\/schema\/person\/025dedb694471bba33167082d4ebbb12","name":"Nathalie Lehmann","image":{"@type":"ImageObject","inLanguage":"de","@id":"http:\/\/amiable-test.ch\/#\/schema\/person\/image\/","url":"http:\/\/2.gravatar.com\/avatar\/213fe1713e59fbeeb0312ddcc16c7755?s=96&d=mm&r=g","contentUrl":"http:\/\/2.gravatar.com\/avatar\/213fe1713e59fbeeb0312ddcc16c7755?s=96&d=mm&r=g","caption":"Nathalie Lehmann"},"description":"0791718643"}]}},"_links":{"self":[{"href":"http:\/\/amiable-test.ch\/wp-json\/wp\/v2\/posts\/7193"}],"collection":[{"href":"http:\/\/amiable-test.ch\/wp-json\/wp\/v2\/posts"}],"about":[{"href":"http:\/\/amiable-test.ch\/wp-json\/wp\/v2\/types\/post"}],"author":[{"embeddable":true,"href":"http:\/\/amiable-test.ch\/wp-json\/wp\/v2\/users\/744"}],"replies":[{"embeddable":true,"href":"http:\/\/amiable-test.ch\/wp-json\/wp\/v2\/comments?post=7193"}],"version-history":[{"count":2,"href":"http:\/\/amiable-test.ch\/wp-json\/wp\/v2\/posts\/7193\/revisions"}],"predecessor-version":[{"id":7239,"href":"http:\/\/amiable-test.ch\/wp-json\/wp\/v2\/posts\/7193\/revisions\/7239"}],"wp:attachment":[{"href":"http:\/\/amiable-test.ch\/wp-json\/wp\/v2\/media?parent=7193"}],"wp:term":[{"taxonomy":"category","embeddable":true,"href":"http:\/\/amiable-test.ch\/wp-json\/wp\/v2\/categories?post=7193"},{"taxonomy":"post_tag","embeddable":true,"href":"http:\/\/amiable-test.ch\/wp-json\/wp\/v2\/tags?post=7193"}],"curies":[{"name":"wp","href":"https:\/\/api.w.org\/{rel}","templated":true}]}}